{"id":7629,"date":"2026-04-28T12:37:29","date_gmt":"2026-04-28T10:37:29","guid":{"rendered":"https:\/\/www.proselectint.com\/?p=7629"},"modified":"2026-05-01T08:56:47","modified_gmt":"2026-05-01T06:56:47","slug":"einsatz-fuer-das-leben-dank-an-die-unermuedlichen-heldinnen-und-helden-im-gesundheitswesen","status":"publish","type":"post","link":"https:\/\/www.proselectint.com\/en\/einsatz-fuer-das-leben-dank-an-die-unermuedlichen-heldinnen-und-helden-im-gesundheitswesen\/","title":{"rendered":"Einsatz f\u00fcr das Leben \u2013 Dank an die unerm\u00fcdlichen Heldinnen und Helden im Gesundheitswesen!"},"content":{"rendered":"<div data-elementor-type=\"wp-post\" data-elementor-id=\"7629\" class=\"elementor elementor-7629\" data-elementor-post-type=\"post\">\n\t\t\t\t\t\t<section class=\"elementor-section elementor-top-section elementor-element elementor-element-9376e21 elementor-section-boxed elementor-section-height-default elementor-section-height-default exad-glass-effect-no exad-sticky-section-no\" data-id=\"9376e21\" data-element_type=\"section\" data-e-type=\"section\">\n\t\t\t\t\t\t<div class=\"elementor-container elementor-column-gap-default\">\n\t\t\t\t\t<div class=\"elementor-column elementor-col-100 elementor-top-column elementor-element elementor-element-a70b546 exad-glass-effect-no exad-sticky-section-no\" data-id=\"a70b546\" data-element_type=\"column\" data-e-type=\"column\">\n\t\t\t<div class=\"elementor-widget-wrap elementor-element-populated\">\n\t\t\t\t\t\t<section class=\"elementor-section elementor-inner-section elementor-element elementor-element-2884ae3b elementor-section-boxed elementor-section-height-default elementor-section-height-default exad-glass-effect-no exad-sticky-section-no\" data-id=\"2884ae3b\" data-element_type=\"section\" data-e-type=\"section\" data-settings=\"{&quot;background_background&quot;:&quot;classic&quot;}\">\n\t\t\t\t\t\t<div class=\"elementor-container elementor-column-gap-default\">\n\t\t\t\t\t<div class=\"elementor-column elementor-col-100 elementor-inner-column elementor-element elementor-element-6d6f37d6 exad-glass-effect-no exad-sticky-section-no\" data-id=\"6d6f37d6\" data-element_type=\"column\" data-e-type=\"column\" data-settings=\"{&quot;background_background&quot;:&quot;classic&quot;}\">\n\t\t\t<div class=\"elementor-widget-wrap elementor-element-populated\">\n\t\t\t\t\t\t<div class=\"elementor-element elementor-element-72ea2051 exad-sticky-section-no exad-glass-effect-no elementor-widget elementor-widget-text-editor\" data-id=\"72ea2051\" data-element_type=\"widget\" data-e-type=\"widget\" data-widget_type=\"text-editor.default\">\n\t\t\t\t<div class=\"elementor-widget-container\">\n\t\t\t\t\t\t\t\t\t<p class=\"MdParagraph\">Der <strong>1. Mai<\/strong>, weltweit als <strong>Tag der Arbeit<\/strong> bekannt, ist ein bedeutsamer Anlass, um die Errungenschaften und den unerm\u00fcdlichen Einsatz von Arbeitnehmern in allen Sektoren zu w\u00fcrdigen. Es ist ein Tag, der uns daran erinnert, wie wichtig jede einzelne Arbeitskraft f\u00fcr das Funktionieren unserer Gesellschaft ist. Doch w\u00e4hrend viele von uns die Gelegenheit nutzen, um diesen Feiertag im Kreise ihrer Liebsten zu verbringen oder einfach nur eine wohlverdiente Pause einzulegen, gibt es eine Berufsgruppe, die auch an diesem besonderen Tag unerm\u00fcdlich f\u00fcr uns da ist: <strong>unser medizinisches Personal.<\/strong><\/p>\t\t\t\t\t\t\t\t<\/div>\n\t\t\t\t<\/div>\n\t\t\t\t<div class=\"elementor-element elementor-element-34b4ba0 exad-sticky-section-no exad-glass-effect-no elementor-widget elementor-widget-text-editor\" data-id=\"34b4ba0\" data-element_type=\"widget\" data-e-type=\"widget\" data-widget_type=\"text-editor.default\">\n\t\t\t\t<div class=\"elementor-widget-container\">\n\t\t\t\t\t\t\t\t\t<p class=\"MdParagraph\">Von den fr\u00fchen Morgenstunden bis tief in die Nacht, an Wochentagen, Wochenenden und Feiertagen \u2013 \u00c4rzte, Pflegefachkr\u00e4fte, Therapeuten, medizinische Assistenten und unz\u00e4hlige weitere engagierte Fachkr\u00e4fte arbeiten mit Hingabe und Professionalit\u00e4t. Sie sind die tragenden S\u00e4ulen unseres Gesundheitssystems, die im Angesicht von Krankheit, Leid und Not stets bereitstehen, um zu helfen, zu heilen und zu tr\u00f6sten. Ihre Arbeit ist nicht nur ein Beruf, sondern oft eine Berufung, die ein hohes Ma\u00df an Empathie, Fachwissen und physischer sowie psychischer Belastbarkeit erfordert.<\/p>\t\t\t\t\t\t\t\t<\/div>\n\t\t\t\t<\/div>\n\t\t\t\t<div class=\"elementor-element elementor-element-4d601fd exad-sticky-section-no exad-glass-effect-no elementor-widget elementor-widget-image\" data-id=\"4d601fd\" data-element_type=\"widget\" data-e-type=\"widget\" data-widget_type=\"image.default\">\n\t\t\t\t<div class=\"elementor-widget-container\">\n\t\t\t\t\t\t\t\t\t\t\t\t\t\t\t<img fetchpriority=\"high\" decoding=\"async\" width=\"1024\" height=\"576\" src=\"https:\/\/www.proselectint.com\/wp-content\/uploads\/2026\/04\/blog_16_9_no_text_3-1024x576.png\" class=\"attachment-large size-large wp-image-7619\" alt=\"\" srcset=\"https:\/\/www.proselectint.com\/wp-content\/uploads\/2026\/04\/blog_16_9_no_text_3-1024x576.png 1024w, https:\/\/www.proselectint.com\/wp-content\/uploads\/2026\/04\/blog_16_9_no_text_3-300x169.png 300w, https:\/\/www.proselectint.com\/wp-content\/uploads\/2026\/04\/blog_16_9_no_text_3-768x432.png 768w, https:\/\/www.proselectint.com\/wp-content\/uploads\/2026\/04\/blog_16_9_no_text_3-18x10.png 18w, https:\/\/www.proselectint.com\/wp-content\/uploads\/2026\/04\/blog_16_9_no_text_3.png 1536w\" sizes=\"(max-width: 1024px) 100vw, 1024px\" \/>\t\t\t\t\t\t\t\t\t\t\t\t\t\t\t<\/div>\n\t\t\t\t<\/div>\n\t\t\t\t<div class=\"elementor-element elementor-element-3fa891db exad-sticky-section-no exad-glass-effect-no elementor-widget elementor-widget-heading\" data-id=\"3fa891db\" data-element_type=\"widget\" data-e-type=\"widget\" data-widget_type=\"heading.default\">\n\t\t\t\t<div class=\"elementor-widget-container\">\n\t\t\t\t\t<h2 class=\"elementor-heading-title elementor-size-default\">Einsatz f\u00fcr das Leben \u2013 Dank an die unerm\u00fcdlichen Heldinnen und Helden im Gesundheitswesen<\/h2>\t\t\t\t<\/div>\n\t\t\t\t<\/div>\n\t\t\t\t<div class=\"elementor-element elementor-element-509a5363 exad-sticky-section-no exad-glass-effect-no elementor-widget elementor-widget-text-editor\" data-id=\"509a5363\" data-element_type=\"widget\" data-e-type=\"widget\" data-widget_type=\"text-editor.default\">\n\t\t\t\t<div class=\"elementor-widget-container\">\n\t\t\t\t\t\t\t\t\t<p class=\"MdParagraph\">Gerade am 1. Mai m\u00f6chten wir von PRO SELECT diesen au\u00dfergew\u00f6hnlichen und oft aufopferungsvollen Einsatz besonders hervorheben. Es ist keine Selbstverst\u00e4ndlichkeit, dass Menschen ihre eigenen Bed\u00fcrfnisse und Pl\u00e4ne zur\u00fcckstellen, um f\u00fcr andere da zu sein \u2013 sei es bei einem pl\u00f6tzlichen Notfall, einer langen und kr\u00e4ftezehrenden Schicht, der liebevollen Betreuung von Langzeitpatienten oder der Durchf\u00fchrung lebensrettender Operationen. Ihre Pr\u00e4senz gibt uns allen Sicherheit und Vertrauen, dass im Bedarfsfall kompetente Hilfe zur Stelle ist.<\/p><p class=\"MdParagraph\">Ihr unerm\u00fcdliches Engagement, Ihre unersch\u00fctterliche Professionalit\u00e4t und Ihr tiefes Mitgef\u00fchl sind die unverzichtbaren Grundpfeiler, auf denen unser gesamtes Gesundheitssystem ruht. <strong>Sie verdienen nicht nur an diesem Tag, sondern an jedem einzelnen Tag des Jahres unsere tiefste Anerkennung, unseren gr\u00f6\u00dften Respekt und unsere aufrichtige Wertsch\u00e4tzung.<\/strong> Ihre Arbeit ist ein Geschenk an die Gesellschaft, das wir niemals als selbstverst\u00e4ndlich erachten sollten.<\/p>\t\t\t\t\t\t\t\t<\/div>\n\t\t\t\t<\/div>\n\t\t\t\t<div class=\"elementor-element elementor-element-a613ebe exad-sticky-section-no exad-glass-effect-no elementor-widget elementor-widget-image\" data-id=\"a613ebe\" data-element_type=\"widget\" data-e-type=\"widget\" data-widget_type=\"image.default\">\n\t\t\t\t<div class=\"elementor-widget-container\">\n\t\t\t\t\t\t\t\t\t\t\t\t\t\t\t<img decoding=\"async\" width=\"1024\" height=\"576\" src=\"https:\/\/www.proselectint.com\/wp-content\/uploads\/2026\/04\/blog_16_9_no_text_2-1024x576.png\" class=\"attachment-large size-large wp-image-7620\" alt=\"\" srcset=\"https:\/\/www.proselectint.com\/wp-content\/uploads\/2026\/04\/blog_16_9_no_text_2-1024x576.png 1024w, https:\/\/www.proselectint.com\/wp-content\/uploads\/2026\/04\/blog_16_9_no_text_2-300x169.png 300w, https:\/\/www.proselectint.com\/wp-content\/uploads\/2026\/04\/blog_16_9_no_text_2-768x432.png 768w, https:\/\/www.proselectint.com\/wp-content\/uploads\/2026\/04\/blog_16_9_no_text_2-18x10.png 18w, https:\/\/www.proselectint.com\/wp-content\/uploads\/2026\/04\/blog_16_9_no_text_2.png 1536w\" sizes=\"(max-width: 1024px) 100vw, 1024px\" \/>\t\t\t\t\t\t\t\t\t\t\t\t\t\t\t<\/div>\n\t\t\t\t<\/div>\n\t\t\t\t<div class=\"elementor-element elementor-element-77c22669 exad-sticky-section-no exad-glass-effect-no elementor-widget elementor-widget-heading\" data-id=\"77c22669\" data-element_type=\"widget\" data-e-type=\"widget\" data-widget_type=\"heading.default\">\n\t\t\t\t<div class=\"elementor-widget-container\">\n\t\t\t\t\t<h2 class=\"elementor-heading-title elementor-size-default\">PRO SELECT sagt von Herzen DANKE!<\/h2>\t\t\t\t<\/div>\n\t\t\t\t<\/div>\n\t\t\t\t<div class=\"elementor-element elementor-element-262cde4c exad-sticky-section-no exad-glass-effect-no elementor-widget elementor-widget-text-editor\" data-id=\"262cde4c\" data-element_type=\"widget\" data-e-type=\"widget\" data-widget_type=\"text-editor.default\">\n\t\t\t\t<div class=\"elementor-widget-container\">\n\t\t\t\t\t\t\t\t\t<p class=\"MdParagraph\">Wir bei PRO SELECT sind zutiefst stolz darauf, mit so vielen engagierten und talentierten medizinischen Fachkr\u00e4ften zusammenarbeiten zu d\u00fcrfen. Es ist uns eine Ehre, sie auf ihrem beruflichen Weg zu begleiten, sie bei der Integration in Deutschland zu unterst\u00fctzen und ihnen dabei zu helfen, ihre wertvollen F\u00e4higkeiten dort einzusetzen, wo sie am dringendsten gebraucht werden. Ihre t\u00e4gliche Arbeit inspiriert uns, unser Bestes zu geben und uns weiterhin f\u00fcr optimale Arbeitsbedingungen und eine faire Anerkennung einzusetzen.<\/p>\n<p class=\"MdParagraph\">Wir w\u00fcnschen allen medizinischen Fachkr\u00e4ften, wo immer es m\u00f6glich ist, einen Moment der Ruhe und Erholung an diesem 1. Mai. M\u00f6gen Sie wissen, dass Ihr unerm\u00fcdlicher Einsatz gesehen, gew\u00fcrdigt und zutiefst gesch\u00e4tzt wird.<\/p>\n<p class=\"MdParagraph\"><strong>Sie sind unsere wahren Helden!<\/strong><\/p>\t\t\t\t\t\t\t\t<\/div>\n\t\t\t\t<\/div>\n\t\t\t\t<div class=\"elementor-element elementor-element-efa92fa exad-sticky-section-no exad-glass-effect-no elementor-widget elementor-widget-spacer\" data-id=\"efa92fa\" data-element_type=\"widget\" data-e-type=\"widget\" data-widget_type=\"spacer.default\">\n\t\t\t\t<div class=\"elementor-widget-container\">\n\t\t\t\t\t\t\t<div class=\"elementor-spacer\">\n\t\t\t<div class=\"elementor-spacer-inner\"><\/div>\n\t\t<\/div>\n\t\t\t\t\t\t<\/div>\n\t\t\t\t<\/div>\n\t\t\t\t<div class=\"elementor-element elementor-element-47e22b1f elementor-align-center exad-sticky-section-no exad-glass-effect-no elementor-widget elementor-widget-button\" data-id=\"47e22b1f\" data-element_type=\"widget\" data-e-type=\"widget\" data-widget_type=\"button.default\">\n\t\t\t\t<div class=\"elementor-widget-container\">\n\t\t\t\t\t\t\t\t\t<div class=\"elementor-button-wrapper\">\n\t\t\t\t\t<a class=\"elementor-button elementor-button-link elementor-size-lg\" href=\"https:\/\/www.proselectint.com\/de_de\/kontakt-bewerbungen\/\">\n\t\t\t\t\t\t<span class=\"elementor-button-content-wrapper\">\n\t\t\t\t\t\t<span class=\"elementor-button-icon\">\n\t\t\t\t<svg aria-hidden=\"true\" class=\"e-font-icon-svg e-far-arrow-alt-circle-right\" viewbox=\"0 0 512 512\" xmlns=\"http:\/\/www.w3.org\/2000\/svg\"><path d=\"M504 256C504 119 393 8 256 8S8 119 8 256s111 248 248 248 248-111 248-248zm-448 0c0-110.5 89.5-200 200-200s200 89.5 200 200-89.5 200-200 200S56 366.5 56 256zm72 20v-40c0-6.6 5.4-12 12-12h116v-67c0-10.7 12.9-16 20.5-8.5l99 99c4.7 4.7 4.7 12.3 0 17l-99 99c-7.6 7.6-20.5 2.2-20.5-8.5v-67H140c-6.6 0-12-5.4-12-12z\"><\/path><\/svg>\t\t\t<\/span>\n\t\t\t\t\t\t\t\t\t<span class=\"elementor-button-text\">Jetzt kontaktieren<\/span>\n\t\t\t\t\t<\/span>\n\t\t\t\t\t<\/a>\n\t\t\t\t<\/div>\n\t\t\t\t\t\t\t\t<\/div>\n\t\t\t\t<\/div>\n\t\t\t\t\t<\/div>\n\t\t<\/div>\n\t\t\t\t\t<\/div>\n\t\t<\/section>\n\t\t\t\t\t<\/div>\n\t\t<\/div>\n\t\t\t\t\t<\/div>\n\t\t<\/section>\n\t\t\t\t<section class=\"elementor-section elementor-top-section elementor-element elementor-element-d0384d3 elementor-section-boxed elementor-section-height-default elementor-section-height-default exad-glass-effect-no exad-sticky-section-no\" data-id=\"d0384d3\" data-element_type=\"section\" data-e-type=\"section\">\n\t\t\t\t\t\t<div class=\"elementor-container elementor-column-gap-default\">\n\t\t\t\t\t<div class=\"elementor-column elementor-col-100 elementor-top-column elementor-element elementor-element-297e9aa exad-glass-effect-no exad-sticky-section-no\" data-id=\"297e9aa\" data-element_type=\"column\" data-e-type=\"column\">\n\t\t\t<div class=\"elementor-widget-wrap elementor-element-populated\">\n\t\t\t\t\t\t<div class=\"elementor-element elementor-element-2f2f869 exad-sticky-section-no exad-glass-effect-no elementor-widget elementor-widget-spacer\" data-id=\"2f2f869\" data-element_type=\"widget\" data-e-type=\"widget\" data-widget_type=\"spacer.default\">\n\t\t\t\t<div class=\"elementor-widget-container\">\n\t\t\t\t\t\t\t<div class=\"elementor-spacer\">\n\t\t\t<div class=\"elementor-spacer-inner\"><\/div>\n\t\t<\/div>\n\t\t\t\t\t\t<\/div>\n\t\t\t\t<\/div>\n\t\t\t\t<div class=\"elementor-element elementor-element-53dfd53 elementor-shape-rounded elementor-grid-0 e-grid-align-center exad-sticky-section-no exad-glass-effect-no elementor-widget elementor-widget-social-icons\" data-id=\"53dfd53\" data-element_type=\"widget\" data-e-type=\"widget\" data-widget_type=\"social-icons.default\">\n\t\t\t\t<div class=\"elementor-widget-container\">\n\t\t\t\t\t\t\t<div class=\"elementor-social-icons-wrapper elementor-grid\" role=\"list\">\n\t\t\t\t\t\t\t<span class=\"elementor-grid-item\" role=\"listitem\">\n\t\t\t\t\t<a class=\"elementor-icon elementor-social-icon elementor-social-icon-facebook elementor-repeater-item-67f6dfa\" href=\"https:\/\/www.facebook.com\/proselectint\" target=\"_blank\">\n\t\t\t\t\t\t<span class=\"elementor-screen-only\">Facebook<\/span>\n\t\t\t\t\t\t<svg aria-hidden=\"true\" class=\"e-font-icon-svg e-fab-facebook\" viewbox=\"0 0 512 512\" xmlns=\"http:\/\/www.w3.org\/2000\/svg\"><path d=\"M504 256C504 119 393 8 256 8S8 119 8 256c0 123.78 90.69 226.38 209.25 245V327.69h-63V256h63v-54.64c0-62.15 37-96.48 93.67-96.48 27.14 0 55.52 4.84 55.52 4.84v61h-31.28c-30.8 0-40.41 19.12-40.41 38.73V256h68.78l-11 71.69h-57.78V501C413.31 482.38 504 379.78 504 256z\"><\/path><\/svg>\t\t\t\t\t<\/a>\n\t\t\t\t<\/span>\n\t\t\t\t\t\t\t<span class=\"elementor-grid-item\" role=\"listitem\">\n\t\t\t\t\t<a class=\"elementor-icon elementor-social-icon elementor-social-icon-youtube elementor-repeater-item-a95c42f\" href=\"https:\/\/www.youtube.com\/watch?v=WurLv6TZZmg\" target=\"_blank\">\n\t\t\t\t\t\t<span class=\"elementor-screen-only\">Youtube<\/span>\n\t\t\t\t\t\t<svg aria-hidden=\"true\" class=\"e-font-icon-svg e-fab-youtube\" viewbox=\"0 0 576 512\" xmlns=\"http:\/\/www.w3.org\/2000\/svg\"><path d=\"M549.655 124.083c-6.281-23.65-24.787-42.276-48.284-48.597C458.781 64 288 64 288 64S117.22 64 74.629 75.486c-23.497 6.322-42.003 24.947-48.284 48.597-11.412 42.867-11.412 132.305-11.412 132.305s0 89.438 11.412 132.305c6.281 23.65 24.787 41.5 48.284 47.821C117.22 448 288 448 288 448s170.78 0 213.371-11.486c23.497-6.321 42.003-24.171 48.284-47.821 11.412-42.867 11.412-132.305 11.412-132.305s0-89.438-11.412-132.305zm-317.51 213.508V175.185l142.739 81.205-142.739 81.201z\"><\/path><\/svg>\t\t\t\t\t<\/a>\n\t\t\t\t<\/span>\n\t\t\t\t\t\t\t<span class=\"elementor-grid-item\" role=\"listitem\">\n\t\t\t\t\t<a class=\"elementor-icon elementor-social-icon elementor-social-icon-instagram elementor-repeater-item-4c3f770\" href=\"https:\/\/www.instagram.com\/proselectinternational\/\" target=\"_blank\">\n\t\t\t\t\t\t<span class=\"elementor-screen-only\">Instagram<\/span>\n\t\t\t\t\t\t<svg aria-hidden=\"true\" class=\"e-font-icon-svg e-fab-instagram\" viewbox=\"0 0 448 512\" xmlns=\"http:\/\/www.w3.org\/2000\/svg\"><path d=\"M224.1 141c-63.6 0-114.9 51.3-114.9 114.9s51.3 114.9 114.9 114.9S339 319.5 339 255.9 287.7 141 224.1 141zm0 189.6c-41.1 0-74.7-33.5-74.7-74.7s33.5-74.7 74.7-74.7 74.7 33.5 74.7 74.7-33.6 74.7-74.7 74.7zm146.4-194.3c0 14.9-12 26.8-26.8 26.8-14.9 0-26.8-12-26.8-26.8s12-26.8 26.8-26.8 26.8 12 26.8 26.8zm76.1 27.2c-1.7-35.9-9.9-67.7-36.2-93.9-26.2-26.2-58-34.4-93.9-36.2-37-2.1-147.9-2.1-184.9 0-35.8 1.7-67.6 9.9-93.9 36.1s-34.4 58-36.2 93.9c-2.1 37-2.1 147.9 0 184.9 1.7 35.9 9.9 67.7 36.2 93.9s58 34.4 93.9 36.2c37 2.1 147.9 2.1 184.9 0 35.9-1.7 67.7-9.9 93.9-36.2 26.2-26.2 34.4-58 36.2-93.9 2.1-37 2.1-147.8 0-184.8zM398.8 388c-7.8 19.6-22.9 34.7-42.6 42.6-29.5 11.7-99.5 9-132.1 9s-102.7 2.6-132.1-9c-19.6-7.8-34.7-22.9-42.6-42.6-11.7-29.5-9-99.5-9-132.1s-2.6-102.7 9-132.1c7.8-19.6 22.9-34.7 42.6-42.6 29.5-11.7 99.5-9 132.1-9s102.7-2.6 132.1 9c19.6 7.8 34.7 22.9 42.6 42.6 11.7 29.5 9 99.5 9 132.1s2.7 102.7-9 132.1z\"><\/path><\/svg>\t\t\t\t\t<\/a>\n\t\t\t\t<\/span>\n\t\t\t\t\t<\/div>\n\t\t\t\t\t\t<\/div>\n\t\t\t\t<\/div>\n\t\t\t\t<div class=\"elementor-element elementor-element-3048e55 exad-sticky-section-no exad-glass-effect-no elementor-widget elementor-widget-spacer\" data-id=\"3048e55\" data-element_type=\"widget\" data-e-type=\"widget\" data-widget_type=\"spacer.default\">\n\t\t\t\t<div class=\"elementor-widget-container\">\n\t\t\t\t\t\t\t<div class=\"elementor-spacer\">\n\t\t\t<div class=\"elementor-spacer-inner\"><\/div>\n\t\t<\/div>\n\t\t\t\t\t\t<\/div>\n\t\t\t\t<\/div>\n\t\t\t\t<div class=\"elementor-element elementor-element-4321a0d8 exad-sticky-section-no exad-glass-effect-no elementor-widget elementor-widget-heading\" data-id=\"4321a0d8\" data-element_type=\"widget\" data-e-type=\"widget\" data-widget_type=\"heading.default\">\n\t\t\t\t<div class=\"elementor-widget-container\">\n\t\t\t\t\t<h6 class=\"elementor-heading-title elementor-size-default\">Share blog post:<\/h6>\t\t\t\t<\/div>\n\t\t\t\t<\/div>\n\t\t\t\t\t<\/div>\n\t\t<\/div>\n\t\t\t\t\t<\/div>\n\t\t<\/section>\n\t\t\t\t<\/div>","protected":false},"excerpt":{"rendered":"<p>Der 1. Mai, weltweit als Tag der Arbeit bekannt, ist ein bedeutsamer Anlass, um die Errungenschaften und den unerm\u00fcdlichen Einsatz von Arbeitnehmern in allen Sektoren zu w\u00fcrdigen. Es ist ein Tag, der uns daran erinnert, wie wichtig jede einzelne Arbeitskraft f\u00fcr das Funktionieren unserer Gesellschaft ist. Doch w\u00e4hrend viele von uns die Gelegenheit nutzen, um diesen Feiertag im Kreise ihrer Liebsten zu verbringen oder einfach nur eine wohlverdiente Pause einzulegen, gibt es eine Berufsgruppe, die auch an diesem besonderen Tag unerm\u00fcdlich f\u00fcr uns da ist: unser medizinisches Personal.<\/p>","protected":false},"author":7,"featured_media":7619,"comment_status":"open","ping_status":"open","sticky":false,"template":"elementor_theme","format":"standard","meta":{"content-type":"","site-sidebar-layout":"default","site-content-layout":"default","ast-site-content-layout":"default","site-content-style":"default","site-sidebar-style":"default","ast-global-header-display":"","ast-banner-title-visibility":"","ast-main-header-display":"","ast-hfb-above-header-display":"","ast-hfb-below-header-display":"","ast-hfb-mobile-header-display":"","site-post-title":"","ast-breadcrumbs-content":"","ast-featured-img":"","footer-sml-layout":"","ast-disable-related-posts":"","theme-transparent-header-meta":"default","adv-header-id-meta":"","stick-header-meta":"","header-above-stick-meta":"","header-main-stick-meta":"","header-below-stick-meta":"","astra-migrate-meta-layouts":"set","ast-page-background-enabled":"default","ast-page-background-meta":{"desktop":{"background-color":"var(--ast-global-color-4)","background-image":"","background-repeat":"repeat","background-position":"center center","background-size":"auto","background-attachment":"scroll","background-type":"","background-media":"","overlay-type":"","overlay-color":"","overlay-opacity":"","overlay-gradient":""},"tablet":{"background-color":"","background-image":"","background-repeat":"repeat","background-position":"center center","background-size":"auto","background-attachment":"scroll","background-type":"","background-media":"","overlay-type":"","overlay-color":"","overlay-opacity":"","overlay-gradient":""},"mobile":{"background-color":"","background-image":"","background-repeat":"repeat","background-position":"center center","background-size":"auto","background-attachment":"scroll","background-type":"","background-media":"","overlay-type":"","overlay-color":"","overlay-opacity":"","overlay-gradient":""}},"ast-content-background-meta":{"desktop":{"background-color":"var(--ast-global-color-5)","background-image":"","background-repeat":"repeat","background-position":"center center","background-size":"auto","background-attachment":"scroll","background-type":"","background-media":"","overlay-type":"","overlay-color":"","overlay-opacity":"","overlay-gradient":""},"tablet":{"background-color":"var(--ast-global-color-5)","background-image":"","background-repeat":"repeat","background-position":"center center","background-size":"auto","background-attachment":"scroll","background-type":"","background-media":"","overlay-type":"","overlay-color":"","overlay-opacity":"","overlay-gradient":""},"mobile":{"background-color":"var(--ast-global-color-5)","background-image":"","background-repeat":"repeat","background-position":"center center","background-size":"auto","background-attachment":"scroll","background-type":"","background-media":"","overlay-type":"","overlay-color":"","overlay-opacity":"","overlay-gradient":""}},"footnotes":""},"categories":[4],"tags":[],"class_list":["post-7629","post","type-post","status-publish","format-standard","has-post-thumbnail","hentry","category-news"],"yoast_head":"<!-- This site is optimized with the Yoast SEO plugin v27.5 - https:\/\/yoast.com\/product\/yoast-seo-wordpress\/ -->\n<title>Einsatz f\u00fcr das Leben \u2013 Dank an die unerm\u00fcdlichen Heldinnen und Helden im Gesundheitswesen! - Pro Select<\/title>\n<meta name=\"description\" content=\"Der 1. Mai, weltweit als Tag der Arbeit bekannt, ist ein bedeutsamer Anlass, um die Errungenschaften und den unerm\u00fcdlichen Einsatz von Arbeitnehmern in allen Sektoren zu w\u00fcrdigen. Es ist ein Tag, der uns daran erinnert, wie wichtig jede einzelne Arbeitskraft f\u00fcr das Funktionieren unserer Gesellschaft ist. Doch w\u00e4hrend viele von uns die Gelegenheit nutzen, um diesen Feiertag im Kreise ihrer Liebsten zu verbringen oder einfach nur eine wohlverdiente Pause einzulegen, gibt es eine Berufsgruppe, die auch an diesem besonderen Tag unerm\u00fcdlich f\u00fcr uns da ist: unser medizinisches Personal.\" \/>\n<meta name=\"robots\" content=\"index, follow, max-snippet:-1, max-image-preview:large, max-video-preview:-1\" \/>\n<link rel=\"canonical\" href=\"https:\/\/www.proselectint.com\/en\/einsatz-fuer-das-leben-dank-an-die-unermuedlichen-heldinnen-und-helden-im-gesundheitswesen\/\" \/>\n<meta property=\"og:locale\" content=\"en_US\" \/>\n<meta property=\"og:type\" content=\"article\" \/>\n<meta property=\"og:title\" content=\"Einsatz f\u00fcr das Leben \u2013 Dank an die unerm\u00fcdlichen Heldinnen und Helden im Gesundheitswesen! - Pro Select\" \/>\n<meta property=\"og:description\" content=\"Der 1. Mai, weltweit als Tag der Arbeit bekannt, ist ein bedeutsamer Anlass, um die Errungenschaften und den unerm\u00fcdlichen Einsatz von Arbeitnehmern in allen Sektoren zu w\u00fcrdigen. Es ist ein Tag, der uns daran erinnert, wie wichtig jede einzelne Arbeitskraft f\u00fcr das Funktionieren unserer Gesellschaft ist. Doch w\u00e4hrend viele von uns die Gelegenheit nutzen, um diesen Feiertag im Kreise ihrer Liebsten zu verbringen oder einfach nur eine wohlverdiente Pause einzulegen, gibt es eine Berufsgruppe, die auch an diesem besonderen Tag unerm\u00fcdlich f\u00fcr uns da ist: unser medizinisches Personal.\" \/>\n<meta property=\"og:url\" content=\"https:\/\/www.proselectint.com\/en\/einsatz-fuer-das-leben-dank-an-die-unermuedlichen-heldinnen-und-helden-im-gesundheitswesen\/\" \/>\n<meta property=\"og:site_name\" content=\"Pro Select\" \/>\n<meta property=\"article:publisher\" content=\"https:\/\/www.facebook.com\/proselectint\/\" \/>\n<meta property=\"article:published_time\" content=\"2026-04-28T10:37:29+00:00\" \/>\n<meta property=\"article:modified_time\" content=\"2026-05-01T06:56:47+00:00\" \/>\n<meta property=\"og:image\" content=\"https:\/\/www.proselectint.com\/wp-content\/uploads\/2026\/04\/blog_16_9_no_text_3-1024x576.png\" \/>\n\t<meta property=\"og:image:width\" content=\"1024\" \/>\n\t<meta property=\"og:image:height\" content=\"576\" \/>\n\t<meta property=\"og:image:type\" content=\"image\/png\" \/>\n<meta name=\"author\" content=\"Katerina Stojanovska\" \/>\n<meta name=\"twitter:card\" content=\"summary_large_image\" \/>\n<meta name=\"twitter:label1\" content=\"Written by\" \/>\n\t<meta name=\"twitter:data1\" content=\"Katerina Stojanovska\" \/>\n\t<meta name=\"twitter:label2\" content=\"Est. reading time\" \/>\n\t<meta name=\"twitter:data2\" content=\"3 minutes\" \/>\n<script type=\"application\/ld+json\" class=\"yoast-schema-graph\">{\"@context\":\"https:\\\/\\\/schema.org\",\"@graph\":[{\"@type\":\"Article\",\"@id\":\"https:\\\/\\\/www.proselectint.com\\\/de_de\\\/einsatz-fuer-das-leben-dank-an-die-unermuedlichen-heldinnen-und-helden-im-gesundheitswesen\\\/#article\",\"isPartOf\":{\"@id\":\"https:\\\/\\\/www.proselectint.com\\\/de_de\\\/einsatz-fuer-das-leben-dank-an-die-unermuedlichen-heldinnen-und-helden-im-gesundheitswesen\\\/\"},\"author\":{\"name\":\"Katerina Stojanovska\",\"@id\":\"https:\\\/\\\/www.proselectint.com\\\/de_de\\\/#\\\/schema\\\/person\\\/4840a08b475e1780ad4faecce1b50e25\"},\"headline\":\"Einsatz f\u00fcr das Leben \u2013 Dank an die unerm\u00fcdlichen Heldinnen und Helden im Gesundheitswesen!\",\"datePublished\":\"2026-04-28T10:37:29+00:00\",\"dateModified\":\"2026-05-01T06:56:47+00:00\",\"mainEntityOfPage\":{\"@id\":\"https:\\\/\\\/www.proselectint.com\\\/de_de\\\/einsatz-fuer-das-leben-dank-an-die-unermuedlichen-heldinnen-und-helden-im-gesundheitswesen\\\/\"},\"wordCount\":495,\"commentCount\":0,\"publisher\":{\"@id\":\"https:\\\/\\\/www.proselectint.com\\\/de_de\\\/#organization\"},\"image\":{\"@id\":\"https:\\\/\\\/www.proselectint.com\\\/de_de\\\/einsatz-fuer-das-leben-dank-an-die-unermuedlichen-heldinnen-und-helden-im-gesundheitswesen\\\/#primaryimage\"},\"thumbnailUrl\":\"https:\\\/\\\/www.proselectint.com\\\/wp-content\\\/uploads\\\/2026\\\/04\\\/blog_16_9_no_text_3.png\",\"articleSection\":[\"News\"],\"inLanguage\":\"en-US\",\"potentialAction\":[{\"@type\":\"CommentAction\",\"name\":\"Comment\",\"target\":[\"https:\\\/\\\/www.proselectint.com\\\/de_de\\\/einsatz-fuer-das-leben-dank-an-die-unermuedlichen-heldinnen-und-helden-im-gesundheitswesen\\\/#respond\"]}]},{\"@type\":\"WebPage\",\"@id\":\"https:\\\/\\\/www.proselectint.com\\\/de_de\\\/einsatz-fuer-das-leben-dank-an-die-unermuedlichen-heldinnen-und-helden-im-gesundheitswesen\\\/\",\"url\":\"https:\\\/\\\/www.proselectint.com\\\/de_de\\\/einsatz-fuer-das-leben-dank-an-die-unermuedlichen-heldinnen-und-helden-im-gesundheitswesen\\\/\",\"name\":\"Einsatz f\u00fcr das Leben \u2013 Dank an die unerm\u00fcdlichen Heldinnen und Helden im Gesundheitswesen! - Pro Select\",\"isPartOf\":{\"@id\":\"https:\\\/\\\/www.proselectint.com\\\/de_de\\\/#website\"},\"primaryImageOfPage\":{\"@id\":\"https:\\\/\\\/www.proselectint.com\\\/de_de\\\/einsatz-fuer-das-leben-dank-an-die-unermuedlichen-heldinnen-und-helden-im-gesundheitswesen\\\/#primaryimage\"},\"image\":{\"@id\":\"https:\\\/\\\/www.proselectint.com\\\/de_de\\\/einsatz-fuer-das-leben-dank-an-die-unermuedlichen-heldinnen-und-helden-im-gesundheitswesen\\\/#primaryimage\"},\"thumbnailUrl\":\"https:\\\/\\\/www.proselectint.com\\\/wp-content\\\/uploads\\\/2026\\\/04\\\/blog_16_9_no_text_3.png\",\"datePublished\":\"2026-04-28T10:37:29+00:00\",\"dateModified\":\"2026-05-01T06:56:47+00:00\",\"description\":\"Der 1. Mai, weltweit als Tag der Arbeit bekannt, ist ein bedeutsamer Anlass, um die Errungenschaften und den unerm\u00fcdlichen Einsatz von Arbeitnehmern in allen Sektoren zu w\u00fcrdigen. Es ist ein Tag, der uns daran erinnert, wie wichtig jede einzelne Arbeitskraft f\u00fcr das Funktionieren unserer Gesellschaft ist. Doch w\u00e4hrend viele von uns die Gelegenheit nutzen, um diesen Feiertag im Kreise ihrer Liebsten zu verbringen oder einfach nur eine wohlverdiente Pause einzulegen, gibt es eine Berufsgruppe, die auch an diesem besonderen Tag unerm\u00fcdlich f\u00fcr uns da ist: unser medizinisches Personal.\",\"breadcrumb\":{\"@id\":\"https:\\\/\\\/www.proselectint.com\\\/de_de\\\/einsatz-fuer-das-leben-dank-an-die-unermuedlichen-heldinnen-und-helden-im-gesundheitswesen\\\/#breadcrumb\"},\"inLanguage\":\"en-US\",\"potentialAction\":[{\"@type\":\"ReadAction\",\"target\":[\"https:\\\/\\\/www.proselectint.com\\\/de_de\\\/einsatz-fuer-das-leben-dank-an-die-unermuedlichen-heldinnen-und-helden-im-gesundheitswesen\\\/\"]}]},{\"@type\":\"ImageObject\",\"inLanguage\":\"en-US\",\"@id\":\"https:\\\/\\\/www.proselectint.com\\\/de_de\\\/einsatz-fuer-das-leben-dank-an-die-unermuedlichen-heldinnen-und-helden-im-gesundheitswesen\\\/#primaryimage\",\"url\":\"https:\\\/\\\/www.proselectint.com\\\/wp-content\\\/uploads\\\/2026\\\/04\\\/blog_16_9_no_text_3.png\",\"contentUrl\":\"https:\\\/\\\/www.proselectint.com\\\/wp-content\\\/uploads\\\/2026\\\/04\\\/blog_16_9_no_text_3.png\",\"width\":1536,\"height\":864},{\"@type\":\"BreadcrumbList\",\"@id\":\"https:\\\/\\\/www.proselectint.com\\\/de_de\\\/einsatz-fuer-das-leben-dank-an-die-unermuedlichen-heldinnen-und-helden-im-gesundheitswesen\\\/#breadcrumb\",\"itemListElement\":[{\"@type\":\"ListItem\",\"position\":1,\"name\":\"Startseite\",\"item\":\"https:\\\/\\\/www.proselectint.com\\\/\"},{\"@type\":\"ListItem\",\"position\":2,\"name\":\"Einsatz f\u00fcr das Leben \u2013 Dank an die unerm\u00fcdlichen Heldinnen und Helden im Gesundheitswesen!\"}]},{\"@type\":\"WebSite\",\"@id\":\"https:\\\/\\\/www.proselectint.com\\\/de_de\\\/#website\",\"url\":\"https:\\\/\\\/www.proselectint.com\\\/de_de\\\/\",\"name\":\"Pro Select\",\"description\":\"Internationale Personal- und Unternehmensberatung\",\"publisher\":{\"@id\":\"https:\\\/\\\/www.proselectint.com\\\/de_de\\\/#organization\"},\"potentialAction\":[{\"@type\":\"SearchAction\",\"target\":{\"@type\":\"EntryPoint\",\"urlTemplate\":\"https:\\\/\\\/www.proselectint.com\\\/de_de\\\/?s={search_term_string}\"},\"query-input\":{\"@type\":\"PropertyValueSpecification\",\"valueRequired\":true,\"valueName\":\"search_term_string\"}}],\"inLanguage\":\"en-US\"},{\"@type\":\"Organization\",\"@id\":\"https:\\\/\\\/www.proselectint.com\\\/de_de\\\/#organization\",\"name\":\"Pro Select\",\"url\":\"https:\\\/\\\/www.proselectint.com\\\/de_de\\\/\",\"logo\":{\"@type\":\"ImageObject\",\"inLanguage\":\"en-US\",\"@id\":\"https:\\\/\\\/www.proselectint.com\\\/de_de\\\/#\\\/schema\\\/logo\\\/image\\\/\",\"url\":\"https:\\\/\\\/www.proselectint.com\\\/wp-content\\\/uploads\\\/2021\\\/07\\\/logo-pro-select.svg\",\"contentUrl\":\"https:\\\/\\\/www.proselectint.com\\\/wp-content\\\/uploads\\\/2021\\\/07\\\/logo-pro-select.svg\",\"width\":183,\"height\":84,\"caption\":\"Pro Select\"},\"image\":{\"@id\":\"https:\\\/\\\/www.proselectint.com\\\/de_de\\\/#\\\/schema\\\/logo\\\/image\\\/\"},\"sameAs\":[\"https:\\\/\\\/www.facebook.com\\\/proselectint\\\/\",\"https:\\\/\\\/www.instagram.com\\\/proselectinternational\\\/\"]},{\"@type\":\"Person\",\"@id\":\"https:\\\/\\\/www.proselectint.com\\\/de_de\\\/#\\\/schema\\\/person\\\/4840a08b475e1780ad4faecce1b50e25\",\"name\":\"Katerina Stojanovska\",\"image\":{\"@type\":\"ImageObject\",\"inLanguage\":\"en-US\",\"@id\":\"https:\\\/\\\/secure.gravatar.com\\\/avatar\\\/4184f6c7e5172511d9c64702be07a097ab3f853e040feb28989264c16e8bfe27?s=96&d=mm&r=g\",\"url\":\"https:\\\/\\\/secure.gravatar.com\\\/avatar\\\/4184f6c7e5172511d9c64702be07a097ab3f853e040feb28989264c16e8bfe27?s=96&d=mm&r=g\",\"contentUrl\":\"https:\\\/\\\/secure.gravatar.com\\\/avatar\\\/4184f6c7e5172511d9c64702be07a097ab3f853e040feb28989264c16e8bfe27?s=96&d=mm&r=g\",\"caption\":\"Katerina Stojanovska\"},\"url\":\"https:\\\/\\\/www.proselectint.com\\\/en\\\/author\\\/katerina-stojanovska\\\/\"}]}<\/script>\n<!-- \/ Yoast SEO plugin. -->","yoast_head_json":{"title":"Einsatz f\u00fcr das Leben \u2013 Dank an die unerm\u00fcdlichen Heldinnen und Helden im Gesundheitswesen! - Pro Select","description":"Der 1. Mai, weltweit als Tag der Arbeit bekannt, ist ein bedeutsamer Anlass, um die Errungenschaften und den unerm\u00fcdlichen Einsatz von Arbeitnehmern in allen Sektoren zu w\u00fcrdigen. Es ist ein Tag, der uns daran erinnert, wie wichtig jede einzelne Arbeitskraft f\u00fcr das Funktionieren unserer Gesellschaft ist. Doch w\u00e4hrend viele von uns die Gelegenheit nutzen, um diesen Feiertag im Kreise ihrer Liebsten zu verbringen oder einfach nur eine wohlverdiente Pause einzulegen, gibt es eine Berufsgruppe, die auch an diesem besonderen Tag unerm\u00fcdlich f\u00fcr uns da ist: unser medizinisches Personal.","robots":{"index":"index","follow":"follow","max-snippet":"max-snippet:-1","max-image-preview":"max-image-preview:large","max-video-preview":"max-video-preview:-1"},"canonical":"https:\/\/www.proselectint.com\/en\/einsatz-fuer-das-leben-dank-an-die-unermuedlichen-heldinnen-und-helden-im-gesundheitswesen\/","og_locale":"en_US","og_type":"article","og_title":"Einsatz f\u00fcr das Leben \u2013 Dank an die unerm\u00fcdlichen Heldinnen und Helden im Gesundheitswesen! - Pro Select","og_description":"Der 1. Mai, weltweit als Tag der Arbeit bekannt, ist ein bedeutsamer Anlass, um die Errungenschaften und den unerm\u00fcdlichen Einsatz von Arbeitnehmern in allen Sektoren zu w\u00fcrdigen. Es ist ein Tag, der uns daran erinnert, wie wichtig jede einzelne Arbeitskraft f\u00fcr das Funktionieren unserer Gesellschaft ist. Doch w\u00e4hrend viele von uns die Gelegenheit nutzen, um diesen Feiertag im Kreise ihrer Liebsten zu verbringen oder einfach nur eine wohlverdiente Pause einzulegen, gibt es eine Berufsgruppe, die auch an diesem besonderen Tag unerm\u00fcdlich f\u00fcr uns da ist: unser medizinisches Personal.","og_url":"https:\/\/www.proselectint.com\/en\/einsatz-fuer-das-leben-dank-an-die-unermuedlichen-heldinnen-und-helden-im-gesundheitswesen\/","og_site_name":"Pro Select","article_publisher":"https:\/\/www.facebook.com\/proselectint\/","article_published_time":"2026-04-28T10:37:29+00:00","article_modified_time":"2026-05-01T06:56:47+00:00","og_image":[{"width":1024,"height":576,"url":"https:\/\/www.proselectint.com\/wp-content\/uploads\/2026\/04\/blog_16_9_no_text_3-1024x576.png","type":"image\/png"}],"author":"Katerina Stojanovska","twitter_card":"summary_large_image","twitter_misc":{"Written by":"Katerina Stojanovska","Est. reading time":"3 minutes"},"schema":{"@context":"https:\/\/schema.org","@graph":[{"@type":"Article","@id":"https:\/\/www.proselectint.com\/de_de\/einsatz-fuer-das-leben-dank-an-die-unermuedlichen-heldinnen-und-helden-im-gesundheitswesen\/#article","isPartOf":{"@id":"https:\/\/www.proselectint.com\/de_de\/einsatz-fuer-das-leben-dank-an-die-unermuedlichen-heldinnen-und-helden-im-gesundheitswesen\/"},"author":{"name":"Katerina Stojanovska","@id":"https:\/\/www.proselectint.com\/de_de\/#\/schema\/person\/4840a08b475e1780ad4faecce1b50e25"},"headline":"Einsatz f\u00fcr das Leben \u2013 Dank an die unerm\u00fcdlichen Heldinnen und Helden im Gesundheitswesen!","datePublished":"2026-04-28T10:37:29+00:00","dateModified":"2026-05-01T06:56:47+00:00","mainEntityOfPage":{"@id":"https:\/\/www.proselectint.com\/de_de\/einsatz-fuer-das-leben-dank-an-die-unermuedlichen-heldinnen-und-helden-im-gesundheitswesen\/"},"wordCount":495,"commentCount":0,"publisher":{"@id":"https:\/\/www.proselectint.com\/de_de\/#organization"},"image":{"@id":"https:\/\/www.proselectint.com\/de_de\/einsatz-fuer-das-leben-dank-an-die-unermuedlichen-heldinnen-und-helden-im-gesundheitswesen\/#primaryimage"},"thumbnailUrl":"https:\/\/www.proselectint.com\/wp-content\/uploads\/2026\/04\/blog_16_9_no_text_3.png","articleSection":["News"],"inLanguage":"en-US","potentialAction":[{"@type":"CommentAction","name":"Comment","target":["https:\/\/www.proselectint.com\/de_de\/einsatz-fuer-das-leben-dank-an-die-unermuedlichen-heldinnen-und-helden-im-gesundheitswesen\/#respond"]}]},{"@type":"WebPage","@id":"https:\/\/www.proselectint.com\/de_de\/einsatz-fuer-das-leben-dank-an-die-unermuedlichen-heldinnen-und-helden-im-gesundheitswesen\/","url":"https:\/\/www.proselectint.com\/de_de\/einsatz-fuer-das-leben-dank-an-die-unermuedlichen-heldinnen-und-helden-im-gesundheitswesen\/","name":"Einsatz f\u00fcr das Leben \u2013 Dank an die unerm\u00fcdlichen Heldinnen und Helden im Gesundheitswesen! - Pro Select","isPartOf":{"@id":"https:\/\/www.proselectint.com\/de_de\/#website"},"primaryImageOfPage":{"@id":"https:\/\/www.proselectint.com\/de_de\/einsatz-fuer-das-leben-dank-an-die-unermuedlichen-heldinnen-und-helden-im-gesundheitswesen\/#primaryimage"},"image":{"@id":"https:\/\/www.proselectint.com\/de_de\/einsatz-fuer-das-leben-dank-an-die-unermuedlichen-heldinnen-und-helden-im-gesundheitswesen\/#primaryimage"},"thumbnailUrl":"https:\/\/www.proselectint.com\/wp-content\/uploads\/2026\/04\/blog_16_9_no_text_3.png","datePublished":"2026-04-28T10:37:29+00:00","dateModified":"2026-05-01T06:56:47+00:00","description":"Der 1. Mai, weltweit als Tag der Arbeit bekannt, ist ein bedeutsamer Anlass, um die Errungenschaften und den unerm\u00fcdlichen Einsatz von Arbeitnehmern in allen Sektoren zu w\u00fcrdigen. Es ist ein Tag, der uns daran erinnert, wie wichtig jede einzelne Arbeitskraft f\u00fcr das Funktionieren unserer Gesellschaft ist. Doch w\u00e4hrend viele von uns die Gelegenheit nutzen, um diesen Feiertag im Kreise ihrer Liebsten zu verbringen oder einfach nur eine wohlverdiente Pause einzulegen, gibt es eine Berufsgruppe, die auch an diesem besonderen Tag unerm\u00fcdlich f\u00fcr uns da ist: unser medizinisches Personal.","breadcrumb":{"@id":"https:\/\/www.proselectint.com\/de_de\/einsatz-fuer-das-leben-dank-an-die-unermuedlichen-heldinnen-und-helden-im-gesundheitswesen\/#breadcrumb"},"inLanguage":"en-US","potentialAction":[{"@type":"ReadAction","target":["https:\/\/www.proselectint.com\/de_de\/einsatz-fuer-das-leben-dank-an-die-unermuedlichen-heldinnen-und-helden-im-gesundheitswesen\/"]}]},{"@type":"ImageObject","inLanguage":"en-US","@id":"https:\/\/www.proselectint.com\/de_de\/einsatz-fuer-das-leben-dank-an-die-unermuedlichen-heldinnen-und-helden-im-gesundheitswesen\/#primaryimage","url":"https:\/\/www.proselectint.com\/wp-content\/uploads\/2026\/04\/blog_16_9_no_text_3.png","contentUrl":"https:\/\/www.proselectint.com\/wp-content\/uploads\/2026\/04\/blog_16_9_no_text_3.png","width":1536,"height":864},{"@type":"BreadcrumbList","@id":"https:\/\/www.proselectint.com\/de_de\/einsatz-fuer-das-leben-dank-an-die-unermuedlichen-heldinnen-und-helden-im-gesundheitswesen\/#breadcrumb","itemListElement":[{"@type":"ListItem","position":1,"name":"Startseite","item":"https:\/\/www.proselectint.com\/"},{"@type":"ListItem","position":2,"name":"Einsatz f\u00fcr das Leben \u2013 Dank an die unerm\u00fcdlichen Heldinnen und Helden im Gesundheitswesen!"}]},{"@type":"WebSite","@id":"https:\/\/www.proselectint.com\/de_de\/#website","url":"https:\/\/www.proselectint.com\/de_de\/","name":"Pro Select","description":"Internationale Personal- und Unternehmensberatung","publisher":{"@id":"https:\/\/www.proselectint.com\/de_de\/#organization"},"potentialAction":[{"@type":"SearchAction","target":{"@type":"EntryPoint","urlTemplate":"https:\/\/www.proselectint.com\/de_de\/?s={search_term_string}"},"query-input":{"@type":"PropertyValueSpecification","valueRequired":true,"valueName":"search_term_string"}}],"inLanguage":"en-US"},{"@type":"Organization","@id":"https:\/\/www.proselectint.com\/de_de\/#organization","name":"Pro Select","url":"https:\/\/www.proselectint.com\/de_de\/","logo":{"@type":"ImageObject","inLanguage":"en-US","@id":"https:\/\/www.proselectint.com\/de_de\/#\/schema\/logo\/image\/","url":"https:\/\/www.proselectint.com\/wp-content\/uploads\/2021\/07\/logo-pro-select.svg","contentUrl":"https:\/\/www.proselectint.com\/wp-content\/uploads\/2021\/07\/logo-pro-select.svg","width":183,"height":84,"caption":"Pro Select"},"image":{"@id":"https:\/\/www.proselectint.com\/de_de\/#\/schema\/logo\/image\/"},"sameAs":["https:\/\/www.facebook.com\/proselectint\/","https:\/\/www.instagram.com\/proselectinternational\/"]},{"@type":"Person","@id":"https:\/\/www.proselectint.com\/de_de\/#\/schema\/person\/4840a08b475e1780ad4faecce1b50e25","name":"Katerina Stojanovska","image":{"@type":"ImageObject","inLanguage":"en-US","@id":"https:\/\/secure.gravatar.com\/avatar\/4184f6c7e5172511d9c64702be07a097ab3f853e040feb28989264c16e8bfe27?s=96&d=mm&r=g","url":"https:\/\/secure.gravatar.com\/avatar\/4184f6c7e5172511d9c64702be07a097ab3f853e040feb28989264c16e8bfe27?s=96&d=mm&r=g","contentUrl":"https:\/\/secure.gravatar.com\/avatar\/4184f6c7e5172511d9c64702be07a097ab3f853e040feb28989264c16e8bfe27?s=96&d=mm&r=g","caption":"Katerina Stojanovska"},"url":"https:\/\/www.proselectint.com\/en\/author\/katerina-stojanovska\/"}]}},"_links":{"self":[{"href":"https:\/\/www.proselectint.com\/en\/wp-json\/wp\/v2\/posts\/7629","targetHints":{"allow":["GET"]}}],"collection":[{"href":"https:\/\/www.proselectint.com\/en\/wp-json\/wp\/v2\/posts"}],"about":[{"href":"https:\/\/www.proselectint.com\/en\/wp-json\/wp\/v2\/types\/post"}],"author":[{"embeddable":true,"href":"https:\/\/www.proselectint.com\/en\/wp-json\/wp\/v2\/users\/7"}],"replies":[{"embeddable":true,"href":"https:\/\/www.proselectint.com\/en\/wp-json\/wp\/v2\/comments?post=7629"}],"version-history":[{"count":14,"href":"https:\/\/www.proselectint.com\/en\/wp-json\/wp\/v2\/posts\/7629\/revisions"}],"predecessor-version":[{"id":7648,"href":"https:\/\/www.proselectint.com\/en\/wp-json\/wp\/v2\/posts\/7629\/revisions\/7648"}],"wp:featuredmedia":[{"embeddable":true,"href":"https:\/\/www.proselectint.com\/en\/wp-json\/wp\/v2\/media\/7619"}],"wp:attachment":[{"href":"https:\/\/www.proselectint.com\/en\/wp-json\/wp\/v2\/media?parent=7629"}],"wp:term":[{"taxonomy":"category","embeddable":true,"href":"https:\/\/www.proselectint.com\/en\/wp-json\/wp\/v2\/categories?post=7629"},{"taxonomy":"post_tag","embeddable":true,"href":"https:\/\/www.proselectint.com\/en\/wp-json\/wp\/v2\/tags?post=7629"}],"curies":[{"name":"wp","href":"https:\/\/api.w.org\/{rel}","templated":true}]}}